{"id":1190,"date":"2020-02-19T10:00:09","date_gmt":"2020-02-19T13:00:09","guid":{"rendered":"http:\/\/globalpacking.com.br\/?p=1190"},"modified":"2020-02-19T10:13:28","modified_gmt":"2020-02-19T13:13:28","slug":"carnaval-no-rio-de-janeiro","status":"publish","type":"post","link":"https:\/\/globalpacking.com.br\/?p=1190","title":{"rendered":"O que fazer no Carnaval do Rio de Janeiro?"},"content":{"rendered":"<p>O Carnaval brasileiro \u00e9 mundialmente reconhecido como um dos melhores e mais bonitos festivais do mundo e o Carnaval carioca \u00e9 respons\u00e1vel por boa parte dessa fama. N\u00e3o \u00e9 \u00e0 toa que o Rio \u00e9 um dos principais destinos dessa \u00e9poca tanto no Brasil como no mundo. Mas, afinal, o que h\u00e1 de t\u00e3o bom nesse t\u00e3o famoso Carnaval?<\/p>\n<p>O Rio de Janeiro se prepara durante o ano inteiro para essa grande festa e toda a cidade vibra nesse per\u00edodo. O que n\u00e3o falta \u00e9 atividade para aqueles que desejam curtir o Carnaval na Cidade Maravilhosa e, para exemplificar uma delas, vamos come\u00e7ar com o maior s\u00edmbolo do Carnaval carioca:<\/p>\n<p><strong>Desfiles na Marqu\u00eas de Sapuca\u00ed<\/strong><\/p>\n<p>Projetado pelo importante arquiteto brasileiro Oscar Niemeyer e inaugurado em 1984, o\u00a0Samb\u00f3dromo da Marqu\u00eas\u00a0de Sapuca\u00ed \u00e9 palco anualmente dos <strong>desfiles das escolas de samba do Rio<\/strong>. \u00c9 um grande festival que ocorre nas noites da sexta at\u00e9 a ter\u00e7a-feira de Carnaval, no\u00a0qual as maiores escolas competem entre si com as mais belas fantasias e carros aleg\u00f3ricos, todos seguindo um tema muito bem trabalhado por cada escola.<\/p>\n<p><img class=\"wp-image-1206 alignright\" src=\"http:\/\/globalpacking.com.br\/wp-content\/uploads\/2020\/02\/carnaval5-300x169.jpg\" alt=\"\" width=\"348\" height=\"196\" srcset=\"https:\/\/globalpacking.com.br\/wp-content\/uploads\/2020\/02\/carnaval5-300x169.jpg 300w, https:\/\/globalpacking.com.br\/wp-content\/uploads\/2020\/02\/carnaval5-700x394.jpg 700w, https:\/\/globalpacking.com.br\/wp-content\/uploads\/2020\/02\/carnaval5-539x303.jpg 539w, https:\/\/globalpacking.com.br\/wp-content\/uploads\/2020\/02\/carnaval5.jpg 728w\" sizes=\"(max-width: 348px) 100vw, 348px\" \/>\u00a0 \u00a0 \u00a0 \u00a0 \u00a0 \u00a0 \u00a0 \u00a0 \u00a0 \u00a0 \u00a0 \u00a0 \u00a0 \u00a0 \u00a0 \u00a0 \u00a0 \u00a0 \u00a0 \u00a0<img class=\"wp-image-1208 alignnone\" src=\"http:\/\/globalpacking.com.br\/wp-content\/uploads\/2020\/02\/carnaval-10-300x199.png\" alt=\"\" width=\"297\" height=\"197\" srcset=\"https:\/\/globalpacking.com.br\/wp-content\/uploads\/2020\/02\/carnaval-10-300x199.png 300w, https:\/\/globalpacking.com.br\/wp-content\/uploads\/2020\/02\/carnaval-10-768x509.png 768w, https:\/\/globalpacking.com.br\/wp-content\/uploads\/2020\/02\/carnaval-10-700x464.png 700w, https:\/\/globalpacking.com.br\/wp-content\/uploads\/2020\/02\/carnaval-10.png 926w\" sizes=\"(max-width: 297px) 100vw, 297px\" \/><\/p>\n<p>A grande festa popular envolve centenas e milhares de pessoas, tanto desfilando quanto assistindo o bel\u00edssimo espet\u00e1culo que ocorre na\u00a0zona central da cidade. \u00c9 uma das experi\u00eancias mais conhecidas e tamb\u00e9m mais inesquec\u00edveis do Carnaval carioca, por isso \u00e9 inadmiss\u00edvel vir ao Carnaval carioca e n\u00e3o assistir a essa obra de arte viva!<\/p>\n<p>&nbsp;<\/p>\n<p><strong>Blocos de rua <\/strong><\/p>\n<p><img class=\"wp-image-1204 alignright\" src=\"http:\/\/globalpacking.com.br\/wp-content\/uploads\/2020\/02\/carnaval-300x200.jpg\" alt=\"\" width=\"333\" height=\"222\" srcset=\"https:\/\/globalpacking.com.br\/wp-content\/uploads\/2020\/02\/carnaval-300x200.jpg 300w, https:\/\/globalpacking.com.br\/wp-content\/uploads\/2020\/02\/carnaval-700x467.jpg 700w, https:\/\/globalpacking.com.br\/wp-content\/uploads\/2020\/02\/carnaval.jpg 724w\" sizes=\"(max-width: 333px) 100vw, 333px\" \/><\/p>\n<p>Outra grande atra\u00e7\u00e3o do Carnaval s\u00e3o os <strong>bloquinhos de rua<\/strong>. Neles a festa popular \u00e9 ainda mais popular e toma quase todas as ruas da cidade com folia, m\u00fasica, fantasias e divers\u00e3o. Desde os bairros mais co<\/p>\n<p>nhecidos e tur\u00edsticos aos mais suburbanos, toda a cidade se une em festa!<\/p>\n<p>Nos blocos de rua, tanto cariocas como turistas brasileiros e estrangeiros seguem os trios el\u00e9tricos ao som de marchinhas tradicionais e outros ritmos musicais diversos. O mais comum \u00e9 que estejam todos \u00e0 car\u00e1ter, dando origem a criativas fantasias de cunho c\u00f4mico e muitas vezes pol\u00edtico, que frequentemente concorrem pelos blocos em competi\u00e7\u00f5es de melhor fantasia.<\/p>\n<p>Os mais conhecidos e, consequentemente, os mais lotados blocos, se encontram na zona sul e na zona central do Rio de Janeiro. Dentre eles, est\u00e3o o Cord\u00e3o do Boitat\u00e1, C\u00e9u na Terra, Amigos da On\u00e7a, Sargento Pimenta, Monobloco e muitos e muitos outros!<\/p>\n<p>Cada bloco tem seu clima particular e seu estilo pr\u00f3prio, sendo alguns mais tradicionais, outros mais contempor\u00e2neos, transformando hits atuais em grandes hits carnavalescos, ou mesmo alguns que transformam os cl\u00e1ssicos dos Beatles em arranjos de samba e maracatu \u2013 como o Sargento Pimenta. H\u00e1 blocos mais voltados \u00e0s fam\u00edlias, outros, mais jovens; alguns contam com grandes artistas, como Anitta, Claudia Leitte, Alok e outros artistas brasileiros, j\u00e1 outros prezam por bandas pequenas formadas pelos pr\u00f3prios foli\u00f5es.<\/p>\n<p>O que n\u00e3o falta \u00e9 op\u00e7\u00e3o!<\/p>\n<p><img class=\"wp-image-1210 alignnone\" src=\"http:\/\/globalpacking.com.br\/wp-content\/uploads\/2020\/02\/carnaval-12-300x200.jpg\" alt=\"\" width=\"284\" height=\"189\" srcset=\"https:\/\/globalpacking.com.br\/wp-content\/uploads\/2020\/02\/carnaval-12-300x200.jpg 300w, https:\/\/globalpacking.com.br\/wp-content\/uploads\/2020\/02\/carnaval-12.jpg 600w\" sizes=\"(max-width: 284px) 100vw, 284px\" \/>\u00a0 \u00a0 \u00a0 \u00a0 \u00a0 \u00a0 \u00a0 \u00a0 \u00a0 \u00a0 \u00a0 \u00a0 \u00a0<img class=\"wp-image-1212 alignnone\" src=\"http:\/\/globalpacking.com.br\/wp-content\/uploads\/2020\/02\/13247573815_5a8bb77fa0_o-300x195.jpg\" alt=\"\" width=\"300\" height=\"194\" srcset=\"https:\/\/globalpacking.com.br\/wp-content\/uploads\/2020\/02\/13247573815_5a8bb77fa0_o-300x195.jpg 300w, https:\/\/globalpacking.com.br\/wp-content\/uploads\/2020\/02\/13247573815_5a8bb77fa0_o-768x500.jpg 768w, https:\/\/globalpacking.com.br\/wp-content\/uploads\/2020\/02\/13247573815_5a8bb77fa0_o-1024x667.jpg 1024w, https:\/\/globalpacking.com.br\/wp-content\/uploads\/2020\/02\/13247573815_5a8bb77fa0_o-400x260.jpg 400w, https:\/\/globalpacking.com.br\/wp-content\/uploads\/2020\/02\/13247573815_5a8bb77fa0_o-700x456.jpg 700w, https:\/\/globalpacking.com.br\/wp-content\/uploads\/2020\/02\/13247573815_5a8bb77fa0_o.jpg 1600w\" sizes=\"(max-width: 300px) 100vw, 300px\" \/>\u00a0 \u00a0 \u00a0 \u00a0 \u00a0 \u00a0 \u00a0 \u00a0 \u00a0 \u00a0 \u00a0 \u00a0 <img class=\"wp-image-1214 alignnone\" src=\"http:\/\/globalpacking.com.br\/wp-content\/uploads\/2020\/02\/M\u00e1s-tama\u00f1os-Its-the-way-we-sing-that-makes-them-dream-Copacabana-Rio-de-Janeiro-Brasil-Flickr-\u00a1Intercambio-de-fot-1-e1581696123962-300x199.jpg\" alt=\"\" width=\"285\" height=\"189\" srcset=\"https:\/\/globalpacking.com.br\/wp-content\/uploads\/2020\/02\/M\u00e1s-tama\u00f1os-Its-the-way-we-sing-that-makes-them-dream-Copacabana-Rio-de-Janeiro-Brasil-Flickr-\u00a1Intercambio-de-fot-1-e1581696123962-300x199.jpg 300w, https:\/\/globalpacking.com.br\/wp-content\/uploads\/2020\/02\/M\u00e1s-tama\u00f1os-Its-the-way-we-sing-that-makes-them-dream-Copacabana-Rio-de-Janeiro-Brasil-Flickr-\u00a1Intercambio-de-fot-1-e1581696123962-768x511.jpg 768w, https:\/\/globalpacking.com.br\/wp-content\/uploads\/2020\/02\/M\u00e1s-tama\u00f1os-Its-the-way-we-sing-that-makes-them-dream-Copacabana-Rio-de-Janeiro-Brasil-Flickr-\u00a1Intercambio-de-fot-1-e1581696123962-1024x681.jpg 1024w, https:\/\/globalpacking.com.br\/wp-content\/uploads\/2020\/02\/M\u00e1s-tama\u00f1os-Its-the-way-we-sing-that-makes-them-dream-Copacabana-Rio-de-Janeiro-Brasil-Flickr-\u00a1Intercambio-de-fot-1-e1581696123962-700x465.jpg 700w, https:\/\/globalpacking.com.br\/wp-content\/uploads\/2020\/02\/M\u00e1s-tama\u00f1os-Its-the-way-we-sing-that-makes-them-dream-Copacabana-Rio-de-Janeiro-Brasil-Flickr-\u00a1Intercambio-de-fot-1-e1581696123962.jpg 1781w\" sizes=\"(max-width: 285px) 100vw, 285px\" \/><\/p>\n<p>E o melhor de tudo \u00e9: tudo isso absolutamente gratuito! Diferentemente dos desfiles no Samb\u00f3dromo, em que se pagam ingressos para assistir, nos blocos de rua, o palco \u00e9 a pr\u00f3pria rua e \u00e9 s\u00f3 chegar para aproveitar.<\/p>\n<p>No entanto, apesar da grande folia que s\u00e3o os blocos, \u00e9 importante sempre permanecer atento e cauteloso. Por isso, a fim curtir sem problemas os blocos de rua, deixe sempre seu celular em casa e use um mais antigo, n\u00e3o saia com dinheiro desnecess\u00e1rio e cart\u00f5es de cr\u00e9dito, use sempre pochetes ou bolsas presas ao peito que diminuam as chances de furto e, sobretudo, <strong>beba bastante \u00e1gua<\/strong>. Os blocos muitas vezes chegam a contar com <em>milhares <\/em>de pessoas e o calor de fevereiro \u00e9 escaldante. Al\u00e9m disso, o clima de bloco \u00e9 um clima de bebida, por isso \u00e9 mais que necess\u00e1rio se hidratar abundantemente!<\/p>\n<p>Por fim, os blocos s\u00e3o uma das maiores express\u00f5es do Carnaval no Brasil e ocorrem por bastante tempo. Assim, caso voc\u00ea tenha chegado muito em cima ou muito antes do feriado de Carnaval, fique tranquilo, pois estes costumam ocorrer <a href=\"https:\/\/g1.globo.com\/rj\/rio-de-janeiro\/carnaval\/2020\/noticia\/2020\/01\/08\/confira-o-calendario-dos-grandes-blocos-do-carnaval-do-rio-em-2020.ghtml\">desde o in\u00edcio de janeiro at\u00e9 meados de mar\u00e7o<\/a>, garantindo bastante tempo pra aproveitar a verdadeira festa nas ruas.<\/p>\n<p>&nbsp;<\/p>\n<p><strong>Paquet\u00e1<\/strong><\/p>\n<p><img class=\"size-medium wp-image-1216 alignleft\" src=\"http:\/\/globalpacking.com.br\/wp-content\/uploads\/2020\/02\/carna-paqueta-300x200.jpg\" alt=\"\" width=\"300\" height=\"200\" srcset=\"https:\/\/globalpacking.com.br\/wp-content\/uploads\/2020\/02\/carna-paqueta-300x200.jpg 300w, https:\/\/globalpacking.com.br\/wp-content\/uploads\/2020\/02\/carna-paqueta-768x512.jpg 768w, https:\/\/globalpacking.com.br\/wp-content\/uploads\/2020\/02\/carna-paqueta-1024x683.jpg 1024w, https:\/\/globalpacking.com.br\/wp-content\/uploads\/2020\/02\/carna-paqueta-700x467.jpg 700w, https:\/\/globalpacking.com.br\/wp-content\/uploads\/2020\/02\/carna-paqueta.jpg 1500w\" sizes=\"(max-width: 300px) 100vw, 300px\" \/><\/p>\n<p>Uma grande op\u00e7\u00e3o para aqueles que gostariam de viver um bloco de Carnaval bem tradicional e brindado por uma vista espl\u00eandida s\u00e3o os <strong>blocos da Ilha de Paquet\u00e1<\/strong>.<\/p>\n<p>Localizada no interior da Ba\u00eda de Guanabara, Paquet\u00e1 \u00e9 uma linda ilhazinha que super vale a visita, independente do per\u00edodo do ano. Com uma linda paisagem ao seu redor e quase que presa no tempo, a ilha de Paquet\u00e1 \u00e9 cheia de constru\u00e7\u00f5es de \u00e9poca e \u00e9 marcada por uma forte presen\u00e7a da natureza, que fez do lugar desde sempre uma fonte de inspira\u00e7\u00e3o para poetas, escritores e rom\u00e2nticos.<\/p>\n<p>Apesar do relativo isolamento, a ilha n\u00e3o fica de fora do grande agito que se faz no Carnaval carioca. Assim, bloquinhos como \u201cQuem n\u00e3o guenta bebe \u00e1gua\u201d e o \u201cBloco dos Primos\u201d s\u00e3o \u00f3timas alternativas para aqueles que desejam conhecer mais a fundo a cidade do Rio e, mais que isso, imergir na cultura popular mais tradicional que se faz presente por l\u00e1.<\/p>\n<p>&nbsp;<\/p>\n<p><strong>Fugindo da bagun\u00e7a<\/strong><\/p>\n<div id=\"attachment_1218\" style=\"width: 310px\" class=\"wp-caption alignright\"><img aria-describedby=\"caption-attachment-1218\" class=\"wp-image-1218 size-medium\" src=\"http:\/\/globalpacking.com.br\/wp-content\/uploads\/2020\/02\/grumari-300x150.jpg\" alt=\"\" width=\"300\" height=\"150\" srcset=\"https:\/\/globalpacking.com.br\/wp-content\/uploads\/2020\/02\/grumari-300x150.jpg 300w, https:\/\/globalpacking.com.br\/wp-content\/uploads\/2020\/02\/grumari.jpg 600w\" sizes=\"(max-width: 300px) 100vw, 300px\" \/><p id=\"caption-attachment-1218\" class=\"wp-caption-text\">Praia do Grumari<\/p><\/div>\n<p>Por fim, se voc\u00ea deseja aproveitar o Rio <em>no <\/em>Carnaval e n\u00e3o <em>o <\/em>Carnaval no Rio, uma maneira de fugir da multid\u00e3o \u00e9 dirigir seu roteiro para uma regi\u00e3o mais afastada mas t\u00e3o \u2013 ou ainda mais \u2013 paradis\u00edaca quanto as demais partes do Rio.<\/p>\n<p>O <strong>Grumari<\/strong>, a <strong>Prainha<\/strong>, <strong>Pedra de Guaratiba <\/strong>e a <strong>Praia do Secreto<\/strong> s\u00e3o op\u00e7\u00f5es lindas e que n\u00e3o chamam tanta aten\u00e7\u00e3o no per\u00edodo do Carnaval, tornando-as alternativas para aqueles que querem sossego, contato com a natureza e aproveitar todas as paisagens e possibilidades que a Cidade Maravilhosa tem a oferecer.<\/p>\n<p>&nbsp;<\/p>\n<p>A Global Packing deseja um bom Carnaval a todos e, no caso de se apaixonar pela Cidade Maravilhosa, <a href=\"http:\/\/globalpacking.com.br\/contato\/\">conte conosco para a sua mudan\u00e7a<\/a>!<\/p>\n","protected":false},"excerpt":{"rendered":"<p>O Carnaval brasileiro \u00e9 mundialmente reconhecido como um dos melhores e mais bonitos festivais do mundo e o Carnaval carioca \u00e9 respons\u00e1vel por boa parte dessa fama. N\u00e3o \u00e9 \u00e0 toa que o Rio \u00e9 um dos principais destinos dessa \u00e9poca tanto no Brasil como&#8230;<\/p>\n","protected":false},"author":7,"featured_media":1241,"comment_status":"open","ping_status":"open","sticky":false,"template":"","format":"standard","meta":[],"categories":[3],"tags":[175,104,41,173,174,178,179,80,33,176,177],"_links":{"self":[{"href":"https:\/\/globalpacking.com.br\/index.php?rest_route=\/wp\/v2\/posts\/1190"}],"collection":[{"href":"https:\/\/globalpacking.com.br\/index.php?rest_route=\/wp\/v2\/posts"}],"about":[{"href":"https:\/\/globalpacking.com.br\/index.php?rest_route=\/wp\/v2\/types\/post"}],"author":[{"embeddable":true,"href":"https:\/\/globalpacking.com.br\/index.php?rest_route=\/wp\/v2\/users\/7"}],"replies":[{"embeddable":true,"href":"https:\/\/globalpacking.com.br\/index.php?rest_route=%2Fwp%2Fv2%2Fcomments&post=1190"}],"version-history":[{"count":18,"href":"https:\/\/globalpacking.com.br\/index.php?rest_route=\/wp\/v2\/posts\/1190\/revisions"}],"predecessor-version":[{"id":1249,"href":"https:\/\/globalpacking.com.br\/index.php?rest_route=\/wp\/v2\/posts\/1190\/revisions\/1249"}],"wp:featuredmedia":[{"embeddable":true,"href":"https:\/\/globalpacking.com.br\/index.php?rest_route=\/wp\/v2\/media\/1241"}],"wp:attachment":[{"href":"https:\/\/globalpacking.com.br\/index.php?rest_route=%2Fwp%2Fv2%2Fmedia&parent=1190"}],"wp:term":[{"taxonomy":"category","embeddable":true,"href":"https:\/\/globalpacking.com.br\/index.php?rest_route=%2Fwp%2Fv2%2Fcategories&post=1190"},{"taxonomy":"post_tag","embeddable":true,"href":"https:\/\/globalpacking.com.br\/index.php?rest_route=%2Fwp%2Fv2%2Ftags&post=1190"}],"curies":[{"name":"wp","href":"https:\/\/api.w.org\/{rel}","templated":true}]}}